{"id":12083,"date":"2023-07-04T11:50:35","date_gmt":"2023-07-04T09:50:35","guid":{"rendered":"https:\/\/www.vicpuntzero.cat\/?p=12083"},"modified":"2023-09-09T14:21:05","modified_gmt":"2023-09-09T12:21:05","slug":"visitas-diarias-al-vicpuntzero","status":"publish","type":"post","link":"https:\/\/www.vicpuntzero.cat\/es\/visitas-diarias-al-vicpuntzero\/","title":{"rendered":"Visitas diarias al\u00a0Vicpuntzero &#8211; verano 2023"},"content":{"rendered":"\t\t<div data-elementor-type=\"wp-post\" data-elementor-id=\"12083\" class=\"elementor elementor-12083 elementor-11958\" data-elementor-post-type=\"post\">\n\t\t\t\t\t\t<section class=\"elementor-section elementor-top-section elementor-element elementor-element-58c2a1c elementor-section-boxed elementor-section-height-default elementor-section-height-default\" data-id=\"58c2a1c\" data-element_type=\"section\" data-e-type=\"section\">\n\t\t\t\t\t\t<div class=\"elementor-container elementor-column-gap-default\">\n\t\t\t\t\t<div class=\"elementor-column elementor-col-100 elementor-top-column elementor-element elementor-element-8327826\" data-id=\"8327826\" data-element_type=\"column\" data-e-type=\"column\">\n\t\t\t<div class=\"elementor-widget-wrap elementor-element-populated\">\n\t\t\t\t\t\t<div class=\"elementor-element elementor-element-3c1ca0c elementor-widget elementor-widget-text-editor\" data-id=\"3c1ca0c\" data-element_type=\"widget\" data-e-type=\"widget\" data-widget_type=\"text-editor.default\">\n\t\t\t\t<div class=\"elementor-widget-container\">\n\t\t\t\t\t\t\t\t\t<p>Verano 2023 \u2013 Las visitas habituales ampl\u00edan su horario durante el verano. La Experiencia&nbsp;Vicpuntzero&nbsp;se har\u00e1 cada d\u00eda con visita guiada por todos los espacios del recinto, que incluye el yacimiento arqueol\u00f3gico, la subida en el campanario y el audiovisual inmersivo.<\/p><p><br>Del 17 de julio al 25 de agosto, a las&nbsp;12h. Duraci\u00f3n de la visita: 1,5h.<\/p><p><br>Punto de inicio: Oficina de Turismo, plaza del Peso.<\/p>\t\t\t\t\t\t\t\t<\/div>\n\t\t\t\t<\/div>\n\t\t\t\t\t<\/div>\n\t\t<\/div>\n\t\t\t\t\t<\/div>\n\t\t<\/section>\n\t\t\t\t<\/div>\n\t\t","protected":false},"excerpt":{"rendered":"<p>Verano 2023 \u2013 Las visitas habituales ampl\u00edan su horario durante el verano. La Experiencia&nbsp;Vicpuntzero&nbsp;se har\u00e1 cada d\u00eda con visita guiada por todos los espacios del recinto, que incluye el yacimiento arqueol\u00f3gico, la subida en el campanario y el audiovisual inmersivo. Del 17 de julio al 25 de agosto, a las&nbsp;12h. Duraci\u00f3n de la visita: 1,5h. [&hellip;]<\/p>\n","protected":false},"author":93,"featured_media":12223,"comment_status":"open","ping_status":"open","sticky":false,"template":"","format":"standard","meta":{"footnotes":""},"categories":[102],"tags":[],"class_list":["post-12083","post","type-post","status-publish","format-standard","has-post-thumbnail","hentry","category-passades-es"],"yoast_head":"<!-- This site is optimized with the Yoast SEO plugin v23.9 - https:\/\/yoast.com\/wordpress\/plugins\/seo\/ -->\n<title>Visitas diarias al\u00a0Vicpuntzero - verano 2023 | Vic<\/title>\n<meta name=\"robots\" content=\"index, follow, max-snippet:-1, max-image-preview:large, max-video-preview:-1\" \/>\n<link rel=\"canonical\" href=\"https:\/\/www.vicpuntzero.cat\/es\/visitas-diarias-al-vicpuntzero\/\" \/>\n<meta property=\"og:locale\" content=\"es_ES\" \/>\n<meta property=\"og:type\" content=\"article\" \/>\n<meta property=\"og:title\" content=\"Visitas diarias al\u00a0Vicpuntzero - verano 2023 | Vic\" \/>\n<meta property=\"og:description\" content=\"Verano 2023 \u2013 Las visitas habituales ampl\u00edan su horario durante el verano. La Experiencia&nbsp;Vicpuntzero&nbsp;se har\u00e1 cada d\u00eda con visita guiada por todos los espacios del recinto, que incluye el yacimiento arqueol\u00f3gico, la subida en el campanario y el audiovisual inmersivo. Del 17 de julio al 25 de agosto, a las&nbsp;12h. Duraci\u00f3n de la visita: 1,5h. [&hellip;]\" \/>\n<meta property=\"og:url\" content=\"https:\/\/www.vicpuntzero.cat\/es\/visitas-diarias-al-vicpuntzero\/\" \/>\n<meta property=\"og:site_name\" content=\"Vic\" \/>\n<meta property=\"article:published_time\" content=\"2023-07-04T09:50:35+00:00\" \/>\n<meta property=\"article:modified_time\" content=\"2023-09-09T12:21:05+00:00\" \/>\n<meta property=\"og:image\" content=\"https:\/\/www.vicpuntzero.cat\/wp-content\/uploads\/2023\/07\/activitats_-cada-dia-a-les-12-scaled.webp\" \/>\n\t<meta property=\"og:image:width\" content=\"2560\" \/>\n\t<meta property=\"og:image:height\" content=\"1920\" \/>\n\t<meta property=\"og:image:type\" content=\"image\/webp\" \/>\n<meta name=\"author\" content=\"dev_kiwop\" \/>\n<meta name=\"twitter:card\" content=\"summary_large_image\" \/>\n<meta name=\"twitter:label1\" content=\"Escrito por\" \/>\n\t<meta name=\"twitter:data1\" content=\"dev_kiwop\" \/>\n\t<meta name=\"twitter:label2\" content=\"Tiempo de lectura\" \/>\n\t<meta name=\"twitter:data2\" content=\"1 minuto\" \/>\n<script type=\"application\/ld+json\" class=\"yoast-schema-graph\">{\"@context\":\"https:\/\/schema.org\",\"@graph\":[{\"@type\":\"Article\",\"@id\":\"https:\/\/www.vicpuntzero.cat\/es\/visitas-diarias-al-vicpuntzero\/#article\",\"isPartOf\":{\"@id\":\"https:\/\/www.vicpuntzero.cat\/es\/visitas-diarias-al-vicpuntzero\/\"},\"author\":{\"name\":\"dev_kiwop\",\"@id\":\"https:\/\/www.vicpuntzero.cat\/#\/schema\/person\/4ff95dfb3d7e85b4f205e9aa1aa7ffdd\"},\"headline\":\"Visitas diarias al\u00a0Vicpuntzero &#8211; verano 2023\",\"datePublished\":\"2023-07-04T09:50:35+00:00\",\"dateModified\":\"2023-09-09T12:21:05+00:00\",\"mainEntityOfPage\":{\"@id\":\"https:\/\/www.vicpuntzero.cat\/es\/visitas-diarias-al-vicpuntzero\/\"},\"wordCount\":76,\"commentCount\":0,\"publisher\":{\"@id\":\"https:\/\/www.vicpuntzero.cat\/#organization\"},\"image\":{\"@id\":\"https:\/\/www.vicpuntzero.cat\/es\/visitas-diarias-al-vicpuntzero\/#primaryimage\"},\"thumbnailUrl\":\"https:\/\/www.vicpuntzero.cat\/wp-content\/uploads\/2023\/07\/activitats_-cada-dia-a-les-12-scaled.webp\",\"articleSection\":[\"Passades\"],\"inLanguage\":\"es\",\"potentialAction\":[{\"@type\":\"CommentAction\",\"name\":\"Comment\",\"target\":[\"https:\/\/www.vicpuntzero.cat\/es\/visitas-diarias-al-vicpuntzero\/#respond\"]}]},{\"@type\":\"WebPage\",\"@id\":\"https:\/\/www.vicpuntzero.cat\/es\/visitas-diarias-al-vicpuntzero\/\",\"url\":\"https:\/\/www.vicpuntzero.cat\/es\/visitas-diarias-al-vicpuntzero\/\",\"name\":\"Visitas diarias al\u00a0Vicpuntzero - verano 2023 | Vic\",\"isPartOf\":{\"@id\":\"https:\/\/www.vicpuntzero.cat\/#website\"},\"primaryImageOfPage\":{\"@id\":\"https:\/\/www.vicpuntzero.cat\/es\/visitas-diarias-al-vicpuntzero\/#primaryimage\"},\"image\":{\"@id\":\"https:\/\/www.vicpuntzero.cat\/es\/visitas-diarias-al-vicpuntzero\/#primaryimage\"},\"thumbnailUrl\":\"https:\/\/www.vicpuntzero.cat\/wp-content\/uploads\/2023\/07\/activitats_-cada-dia-a-les-12-scaled.webp\",\"datePublished\":\"2023-07-04T09:50:35+00:00\",\"dateModified\":\"2023-09-09T12:21:05+00:00\",\"breadcrumb\":{\"@id\":\"https:\/\/www.vicpuntzero.cat\/es\/visitas-diarias-al-vicpuntzero\/#breadcrumb\"},\"inLanguage\":\"es\",\"potentialAction\":[{\"@type\":\"ReadAction\",\"target\":[\"https:\/\/www.vicpuntzero.cat\/es\/visitas-diarias-al-vicpuntzero\/\"]}]},{\"@type\":\"ImageObject\",\"inLanguage\":\"es\",\"@id\":\"https:\/\/www.vicpuntzero.cat\/es\/visitas-diarias-al-vicpuntzero\/#primaryimage\",\"url\":\"https:\/\/www.vicpuntzero.cat\/wp-content\/uploads\/2023\/07\/activitats_-cada-dia-a-les-12-scaled.webp\",\"contentUrl\":\"https:\/\/www.vicpuntzero.cat\/wp-content\/uploads\/2023\/07\/activitats_-cada-dia-a-les-12-scaled.webp\",\"width\":2560,\"height\":1920,\"caption\":\"activitats_-cada-dia-a-les-12\"},{\"@type\":\"BreadcrumbList\",\"@id\":\"https:\/\/www.vicpuntzero.cat\/es\/visitas-diarias-al-vicpuntzero\/#breadcrumb\",\"itemListElement\":[{\"@type\":\"ListItem\",\"position\":1,\"name\":\"Inici\",\"item\":\"https:\/\/www.vicpuntzero.cat\/\"},{\"@type\":\"ListItem\",\"position\":2,\"name\":\"Visitas diarias al\u00a0Vicpuntzero &#8211; verano 2023\"}]},{\"@type\":\"WebSite\",\"@id\":\"https:\/\/www.vicpuntzero.cat\/#website\",\"url\":\"https:\/\/www.vicpuntzero.cat\/\",\"name\":\"Vic\",\"description\":\"L&#039;origen d&#039;una hist\u00f2ria\",\"publisher\":{\"@id\":\"https:\/\/www.vicpuntzero.cat\/#organization\"},\"potentialAction\":[{\"@type\":\"SearchAction\",\"target\":{\"@type\":\"EntryPoint\",\"urlTemplate\":\"https:\/\/www.vicpuntzero.cat\/?s={search_term_string}\"},\"query-input\":{\"@type\":\"PropertyValueSpecification\",\"valueRequired\":true,\"valueName\":\"search_term_string\"}}],\"inLanguage\":\"es\"},{\"@type\":\"Organization\",\"@id\":\"https:\/\/www.vicpuntzero.cat\/#organization\",\"name\":\"Vicpuntzero\",\"url\":\"https:\/\/www.vicpuntzero.cat\/\",\"logo\":{\"@type\":\"ImageObject\",\"inLanguage\":\"es\",\"@id\":\"https:\/\/www.vicpuntzero.cat\/#\/schema\/logo\/image\/\",\"url\":\"https:\/\/www.vicpuntzero.cat\/wp-content\/uploads\/2020\/12\/cropped-COLOR_POSITIU_HORITZONTAL.png\",\"contentUrl\":\"https:\/\/www.vicpuntzero.cat\/wp-content\/uploads\/2020\/12\/cropped-COLOR_POSITIU_HORITZONTAL.png\",\"width\":1920,\"height\":640,\"caption\":\"Vicpuntzero\"},\"image\":{\"@id\":\"https:\/\/www.vicpuntzero.cat\/#\/schema\/logo\/image\/\"}},{\"@type\":\"Person\",\"@id\":\"https:\/\/www.vicpuntzero.cat\/#\/schema\/person\/4ff95dfb3d7e85b4f205e9aa1aa7ffdd\",\"name\":\"dev_kiwop\",\"image\":{\"@type\":\"ImageObject\",\"inLanguage\":\"es\",\"@id\":\"https:\/\/www.vicpuntzero.cat\/#\/schema\/person\/image\/\",\"url\":\"https:\/\/secure.gravatar.com\/avatar\/4f7b2a4d73272486364a174e8374d321?s=96&d=mm&r=g\",\"contentUrl\":\"https:\/\/secure.gravatar.com\/avatar\/4f7b2a4d73272486364a174e8374d321?s=96&d=mm&r=g\",\"caption\":\"dev_kiwop\"},\"url\":\"https:\/\/www.vicpuntzero.cat\/es\/author\/dev_kiwop\/\"}]}<\/script>\n<!-- \/ Yoast SEO plugin. -->","yoast_head_json":{"title":"Visitas diarias al\u00a0Vicpuntzero - verano 2023 | Vic","robots":{"index":"index","follow":"follow","max-snippet":"max-snippet:-1","max-image-preview":"max-image-preview:large","max-video-preview":"max-video-preview:-1"},"canonical":"https:\/\/www.vicpuntzero.cat\/es\/visitas-diarias-al-vicpuntzero\/","og_locale":"es_ES","og_type":"article","og_title":"Visitas diarias al\u00a0Vicpuntzero - verano 2023 | Vic","og_description":"Verano 2023 \u2013 Las visitas habituales ampl\u00edan su horario durante el verano. La Experiencia&nbsp;Vicpuntzero&nbsp;se har\u00e1 cada d\u00eda con visita guiada por todos los espacios del recinto, que incluye el yacimiento arqueol\u00f3gico, la subida en el campanario y el audiovisual inmersivo. Del 17 de julio al 25 de agosto, a las&nbsp;12h. Duraci\u00f3n de la visita: 1,5h. [&hellip;]","og_url":"https:\/\/www.vicpuntzero.cat\/es\/visitas-diarias-al-vicpuntzero\/","og_site_name":"Vic","article_published_time":"2023-07-04T09:50:35+00:00","article_modified_time":"2023-09-09T12:21:05+00:00","og_image":[{"width":2560,"height":1920,"url":"https:\/\/www.vicpuntzero.cat\/wp-content\/uploads\/2023\/07\/activitats_-cada-dia-a-les-12-scaled.webp","type":"image\/webp"}],"author":"dev_kiwop","twitter_card":"summary_large_image","twitter_misc":{"Escrito por":"dev_kiwop","Tiempo de lectura":"1 minuto"},"schema":{"@context":"https:\/\/schema.org","@graph":[{"@type":"Article","@id":"https:\/\/www.vicpuntzero.cat\/es\/visitas-diarias-al-vicpuntzero\/#article","isPartOf":{"@id":"https:\/\/www.vicpuntzero.cat\/es\/visitas-diarias-al-vicpuntzero\/"},"author":{"name":"dev_kiwop","@id":"https:\/\/www.vicpuntzero.cat\/#\/schema\/person\/4ff95dfb3d7e85b4f205e9aa1aa7ffdd"},"headline":"Visitas diarias al\u00a0Vicpuntzero &#8211; verano 2023","datePublished":"2023-07-04T09:50:35+00:00","dateModified":"2023-09-09T12:21:05+00:00","mainEntityOfPage":{"@id":"https:\/\/www.vicpuntzero.cat\/es\/visitas-diarias-al-vicpuntzero\/"},"wordCount":76,"commentCount":0,"publisher":{"@id":"https:\/\/www.vicpuntzero.cat\/#organization"},"image":{"@id":"https:\/\/www.vicpuntzero.cat\/es\/visitas-diarias-al-vicpuntzero\/#primaryimage"},"thumbnailUrl":"https:\/\/www.vicpuntzero.cat\/wp-content\/uploads\/2023\/07\/activitats_-cada-dia-a-les-12-scaled.webp","articleSection":["Passades"],"inLanguage":"es","potentialAction":[{"@type":"CommentAction","name":"Comment","target":["https:\/\/www.vicpuntzero.cat\/es\/visitas-diarias-al-vicpuntzero\/#respond"]}]},{"@type":"WebPage","@id":"https:\/\/www.vicpuntzero.cat\/es\/visitas-diarias-al-vicpuntzero\/","url":"https:\/\/www.vicpuntzero.cat\/es\/visitas-diarias-al-vicpuntzero\/","name":"Visitas diarias al\u00a0Vicpuntzero - verano 2023 | Vic","isPartOf":{"@id":"https:\/\/www.vicpuntzero.cat\/#website"},"primaryImageOfPage":{"@id":"https:\/\/www.vicpuntzero.cat\/es\/visitas-diarias-al-vicpuntzero\/#primaryimage"},"image":{"@id":"https:\/\/www.vicpuntzero.cat\/es\/visitas-diarias-al-vicpuntzero\/#primaryimage"},"thumbnailUrl":"https:\/\/www.vicpuntzero.cat\/wp-content\/uploads\/2023\/07\/activitats_-cada-dia-a-les-12-scaled.webp","datePublished":"2023-07-04T09:50:35+00:00","dateModified":"2023-09-09T12:21:05+00:00","breadcrumb":{"@id":"https:\/\/www.vicpuntzero.cat\/es\/visitas-diarias-al-vicpuntzero\/#breadcrumb"},"inLanguage":"es","potentialAction":[{"@type":"ReadAction","target":["https:\/\/www.vicpuntzero.cat\/es\/visitas-diarias-al-vicpuntzero\/"]}]},{"@type":"ImageObject","inLanguage":"es","@id":"https:\/\/www.vicpuntzero.cat\/es\/visitas-diarias-al-vicpuntzero\/#primaryimage","url":"https:\/\/www.vicpuntzero.cat\/wp-content\/uploads\/2023\/07\/activitats_-cada-dia-a-les-12-scaled.webp","contentUrl":"https:\/\/www.vicpuntzero.cat\/wp-content\/uploads\/2023\/07\/activitats_-cada-dia-a-les-12-scaled.webp","width":2560,"height":1920,"caption":"activitats_-cada-dia-a-les-12"},{"@type":"BreadcrumbList","@id":"https:\/\/www.vicpuntzero.cat\/es\/visitas-diarias-al-vicpuntzero\/#breadcrumb","itemListElement":[{"@type":"ListItem","position":1,"name":"Inici","item":"https:\/\/www.vicpuntzero.cat\/"},{"@type":"ListItem","position":2,"name":"Visitas diarias al\u00a0Vicpuntzero &#8211; verano 2023"}]},{"@type":"WebSite","@id":"https:\/\/www.vicpuntzero.cat\/#website","url":"https:\/\/www.vicpuntzero.cat\/","name":"Vic","description":"L&#039;origen d&#039;una hist\u00f2ria","publisher":{"@id":"https:\/\/www.vicpuntzero.cat\/#organization"},"potentialAction":[{"@type":"SearchAction","target":{"@type":"EntryPoint","urlTemplate":"https:\/\/www.vicpuntzero.cat\/?s={search_term_string}"},"query-input":{"@type":"PropertyValueSpecification","valueRequired":true,"valueName":"search_term_string"}}],"inLanguage":"es"},{"@type":"Organization","@id":"https:\/\/www.vicpuntzero.cat\/#organization","name":"Vicpuntzero","url":"https:\/\/www.vicpuntzero.cat\/","logo":{"@type":"ImageObject","inLanguage":"es","@id":"https:\/\/www.vicpuntzero.cat\/#\/schema\/logo\/image\/","url":"https:\/\/www.vicpuntzero.cat\/wp-content\/uploads\/2020\/12\/cropped-COLOR_POSITIU_HORITZONTAL.png","contentUrl":"https:\/\/www.vicpuntzero.cat\/wp-content\/uploads\/2020\/12\/cropped-COLOR_POSITIU_HORITZONTAL.png","width":1920,"height":640,"caption":"Vicpuntzero"},"image":{"@id":"https:\/\/www.vicpuntzero.cat\/#\/schema\/logo\/image\/"}},{"@type":"Person","@id":"https:\/\/www.vicpuntzero.cat\/#\/schema\/person\/4ff95dfb3d7e85b4f205e9aa1aa7ffdd","name":"dev_kiwop","image":{"@type":"ImageObject","inLanguage":"es","@id":"https:\/\/www.vicpuntzero.cat\/#\/schema\/person\/image\/","url":"https:\/\/secure.gravatar.com\/avatar\/4f7b2a4d73272486364a174e8374d321?s=96&d=mm&r=g","contentUrl":"https:\/\/secure.gravatar.com\/avatar\/4f7b2a4d73272486364a174e8374d321?s=96&d=mm&r=g","caption":"dev_kiwop"},"url":"https:\/\/www.vicpuntzero.cat\/es\/author\/dev_kiwop\/"}]}},"_links":{"self":[{"href":"https:\/\/www.vicpuntzero.cat\/es\/wp-json\/wp\/v2\/posts\/12083","targetHints":{"allow":["GET"]}}],"collection":[{"href":"https:\/\/www.vicpuntzero.cat\/es\/wp-json\/wp\/v2\/posts"}],"about":[{"href":"https:\/\/www.vicpuntzero.cat\/es\/wp-json\/wp\/v2\/types\/post"}],"author":[{"embeddable":true,"href":"https:\/\/www.vicpuntzero.cat\/es\/wp-json\/wp\/v2\/users\/93"}],"replies":[{"embeddable":true,"href":"https:\/\/www.vicpuntzero.cat\/es\/wp-json\/wp\/v2\/comments?post=12083"}],"version-history":[{"count":5,"href":"https:\/\/www.vicpuntzero.cat\/es\/wp-json\/wp\/v2\/posts\/12083\/revisions"}],"predecessor-version":[{"id":12910,"href":"https:\/\/www.vicpuntzero.cat\/es\/wp-json\/wp\/v2\/posts\/12083\/revisions\/12910"}],"wp:featuredmedia":[{"embeddable":true,"href":"https:\/\/www.vicpuntzero.cat\/es\/wp-json\/wp\/v2\/media\/12223"}],"wp:attachment":[{"href":"https:\/\/www.vicpuntzero.cat\/es\/wp-json\/wp\/v2\/media?parent=12083"}],"wp:term":[{"taxonomy":"category","embeddable":true,"href":"https:\/\/www.vicpuntzero.cat\/es\/wp-json\/wp\/v2\/categories?post=12083"},{"taxonomy":"post_tag","embeddable":true,"href":"https:\/\/www.vicpuntzero.cat\/es\/wp-json\/wp\/v2\/tags?post=12083"}],"curies":[{"name":"wp","href":"https:\/\/api.w.org\/{rel}","templated":true}]}}